{"id":688,"date":"2021-05-11T20:26:32","date_gmt":"2021-05-11T18:26:32","guid":{"rendered":"https:\/\/grenoble-oxford.org\/?p=688"},"modified":"2021-09-29T18:51:09","modified_gmt":"2021-09-29T16:51:09","slug":"journee-europeenne-des-langues-cafes-linguistiques-2021","status":"publish","type":"post","link":"https:\/\/grenoble-oxford.org\/index.php\/2021\/05\/11\/journee-europeenne-des-langues-cafes-linguistiques-2021\/","title":{"rendered":"Journ\u00e9e Europ\u00e9enne des Langues. Caf\u00e9 linguistique en Anglais, le 19 Mai Inscription obligatoire, limit\u00e9e \u00e0 10 personnes. Envoyez votre demande \u00e0: europedirectiseresavoie@grenoble.fr"},"content":{"rendered":"\n<p><\/p>\n\n\n\n<p>Les caf\u00e9s linguistiques sont propos\u00e9s dans le cadre de la Journ\u00e9e Europ\u00e9enne des Langues pour permettre \u00e0 un nombre limit\u00e9 d\u2019inscrits de pratiquer une langue \u00e9trang\u00e8re. A cause de la crise sanitaire cette ann\u00e9e les caf\u00e9s linguistiques auront lieu de fa\u00e7on virtuelle.<\/p>\n\n\n\n<p>L\u2019intervention de l\u2019AGO, en Anglais, aura lieu le 19 mai de 17h-18h.<\/p>\n\n\n\n<p>Susan Blatt\u00e8s et Veronica Smith de l\u2019AGO proposent d\u2019y participer en invitant les inscrits \u00e0 discuter des s\u00e9ries polici\u00e8res en Grande-Bretagne, notamment celles qui se passent dans la ville d\u2019Oxford. Les romans de Colin Dexter ont \u00e9t\u00e9 adapt\u00e9s pour la t\u00e9l\u00e9vision et ont donn\u00e9 lieu d\u2019abord \u00e0 la s\u00e9rie <em>Inspector Morse<\/em> (1987-2000). Cette s\u00e9rie a eu un tel succ\u00e8s que la cha\u00eene ITV a fait une suite, <em>Lewis<\/em>, qui met en sc\u00e8ne l\u2019ancien adjoint de Morse, devenu, \u00e0 son tour Inspecteur. Cette s\u00e9rie (2006-2015) a aussi connu un grand succ\u00e8s. Enfin, une troisi\u00e8me s\u00e9rie a vu le jour en 2012, <em>Endeavour<\/em>, qui, elle, propose de retrouver Morse au d\u00e9but de sa carri\u00e8re. Il s\u2019agit donc d\u2019un \u00ab&nbsp;prequel&nbsp;\u00bb. Susan et Veronica invitent les participants \u00e0 discuter de la popularit\u00e9 de ces s\u00e9ries et, pour alimenter la discussion,&nbsp;ont mis sur le site de l\u2019AGO, plusieurs documents : articles de presses, avec enregistrement audio, photos et extraits vid\u00e9os. Elles esp\u00e8rent que le sujet int\u00e9ressera les Grenoblois.<\/p>\n","protected":false},"excerpt":{"rendered":"<p>Les caf\u00e9s linguistiques sont propos\u00e9s dans le cadre de la Journ\u00e9e Europ\u00e9enne des Langues pour permettre \u00e0 un nombre limit\u00e9<\/p>\n","protected":false},"author":1,"featured_media":687,"comment_status":"closed","ping_status":"closed","sticky":false,"template":"","format":"standard","meta":{"footnotes":""},"categories":[3],"tags":[],"class_list":["post-688","post","type-post","status-publish","format-standard","has-post-thumbnail","hentry","category-a-la-une"],"yoast_head":"<!-- This site is optimized with the Yoast SEO plugin v21.9.1 - https:\/\/yoast.com\/wordpress\/plugins\/seo\/ -->\n<title>Journ\u00e9e Europ\u00e9enne des Langues. Caf\u00e9 linguistique en Anglais, le 19 Mai Inscription obligatoire, limit\u00e9e \u00e0 10 personnes. Envoyez votre demande \u00e0: europedirectiseresavoie@grenoble.fr - Alliance Grenoble Oxford<\/title>\n<meta name=\"robots\" content=\"index, follow, max-snippet:-1, max-image-preview:large, max-video-preview:-1\" \/>\n<link rel=\"canonical\" href=\"https:\/\/grenoble-oxford.org\/index.php\/2021\/05\/11\/journee-europeenne-des-langues-cafes-linguistiques-2021\/\" \/>\n<meta property=\"og:locale\" content=\"fr_FR\" \/>\n<meta property=\"og:type\" content=\"article\" \/>\n<meta property=\"og:title\" content=\"Journ\u00e9e Europ\u00e9enne des Langues. Caf\u00e9 linguistique en Anglais, le 19 Mai Inscription obligatoire, limit\u00e9e \u00e0 10 personnes. Envoyez votre demande \u00e0: europedirectiseresavoie@grenoble.fr - Alliance Grenoble Oxford\" \/>\n<meta property=\"og:description\" content=\"Les caf\u00e9s linguistiques sont propos\u00e9s dans le cadre de la Journ\u00e9e Europ\u00e9enne des Langues pour permettre \u00e0 un nombre limit\u00e9\" \/>\n<meta property=\"og:url\" content=\"https:\/\/grenoble-oxford.org\/index.php\/2021\/05\/11\/journee-europeenne-des-langues-cafes-linguistiques-2021\/\" \/>\n<meta property=\"og:site_name\" content=\"Alliance Grenoble Oxford\" \/>\n<meta property=\"article:author\" content=\"https:\/\/www.facebook.com\/Alliance-Grenoble-Oxford-101038482073695\" \/>\n<meta property=\"article:published_time\" content=\"2021-05-11T18:26:32+00:00\" \/>\n<meta property=\"article:modified_time\" content=\"2021-09-29T16:51:09+00:00\" \/>\n<meta property=\"og:image\" content=\"https:\/\/grenoble-oxford.org\/wp-content\/uploads\/2021\/05\/jnee-euro-langues.png\" \/>\n\t<meta property=\"og:image:width\" content=\"512\" \/>\n\t<meta property=\"og:image:height\" content=\"192\" \/>\n\t<meta property=\"og:image:type\" content=\"image\/png\" \/>\n<meta name=\"author\" content=\"admin9205\" \/>\n<meta name=\"twitter:card\" content=\"summary_large_image\" \/>\n<meta name=\"twitter:label1\" content=\"\u00c9crit par\" \/>\n\t<meta name=\"twitter:data1\" content=\"admin9205\" \/>\n\t<meta name=\"twitter:label2\" content=\"Dur\u00e9e de lecture estim\u00e9e\" \/>\n\t<meta name=\"twitter:data2\" content=\"1 minute\" \/>\n<script type=\"application\/ld+json\" class=\"yoast-schema-graph\">{\"@context\":\"https:\/\/schema.org\",\"@graph\":[{\"@type\":\"Article\",\"@id\":\"https:\/\/grenoble-oxford.org\/index.php\/2021\/05\/11\/journee-europeenne-des-langues-cafes-linguistiques-2021\/#article\",\"isPartOf\":{\"@id\":\"https:\/\/grenoble-oxford.org\/index.php\/2021\/05\/11\/journee-europeenne-des-langues-cafes-linguistiques-2021\/\"},\"author\":{\"name\":\"admin9205\",\"@id\":\"https:\/\/grenoble-oxford.org\/#\/schema\/person\/873c6f35f5ed4a47b944984193f08247\"},\"headline\":\"Journ\u00e9e Europ\u00e9enne des Langues. Caf\u00e9 linguistique en Anglais, le 19 Mai Inscription obligatoire, limit\u00e9e \u00e0 10 personnes. Envoyez votre demande \u00e0: europedirectiseresavoie@grenoble.fr\",\"datePublished\":\"2021-05-11T18:26:32+00:00\",\"dateModified\":\"2021-09-29T16:51:09+00:00\",\"mainEntityOfPage\":{\"@id\":\"https:\/\/grenoble-oxford.org\/index.php\/2021\/05\/11\/journee-europeenne-des-langues-cafes-linguistiques-2021\/\"},\"wordCount\":277,\"publisher\":{\"@id\":\"https:\/\/grenoble-oxford.org\/#organization\"},\"articleSection\":[\"A la Une\"],\"inLanguage\":\"fr-FR\"},{\"@type\":\"WebPage\",\"@id\":\"https:\/\/grenoble-oxford.org\/index.php\/2021\/05\/11\/journee-europeenne-des-langues-cafes-linguistiques-2021\/\",\"url\":\"https:\/\/grenoble-oxford.org\/index.php\/2021\/05\/11\/journee-europeenne-des-langues-cafes-linguistiques-2021\/\",\"name\":\"Journ\u00e9e Europ\u00e9enne des Langues. Caf\u00e9 linguistique en Anglais, le 19 Mai Inscription obligatoire, limit\u00e9e \u00e0 10 personnes. Envoyez votre demande \u00e0: europedirectiseresavoie@grenoble.fr - Alliance Grenoble Oxford\",\"isPartOf\":{\"@id\":\"https:\/\/grenoble-oxford.org\/#website\"},\"datePublished\":\"2021-05-11T18:26:32+00:00\",\"dateModified\":\"2021-09-29T16:51:09+00:00\",\"breadcrumb\":{\"@id\":\"https:\/\/grenoble-oxford.org\/index.php\/2021\/05\/11\/journee-europeenne-des-langues-cafes-linguistiques-2021\/#breadcrumb\"},\"inLanguage\":\"fr-FR\",\"potentialAction\":[{\"@type\":\"ReadAction\",\"target\":[\"https:\/\/grenoble-oxford.org\/index.php\/2021\/05\/11\/journee-europeenne-des-langues-cafes-linguistiques-2021\/\"]}]},{\"@type\":\"BreadcrumbList\",\"@id\":\"https:\/\/grenoble-oxford.org\/index.php\/2021\/05\/11\/journee-europeenne-des-langues-cafes-linguistiques-2021\/#breadcrumb\",\"itemListElement\":[{\"@type\":\"ListItem\",\"position\":1,\"name\":\"Accueil\",\"item\":\"https:\/\/grenoble-oxford.org\/\"},{\"@type\":\"ListItem\",\"position\":2,\"name\":\"Journ\u00e9e Europ\u00e9enne des Langues. Caf\u00e9 linguistique en Anglais, le 19 Mai Inscription obligatoire, limit\u00e9e \u00e0 10 personnes. Envoyez votre demande \u00e0: europedirectiseresavoie@grenoble.fr\"}]},{\"@type\":\"WebSite\",\"@id\":\"https:\/\/grenoble-oxford.org\/#website\",\"url\":\"https:\/\/grenoble-oxford.org\/\",\"name\":\"Alliance Grenoble Oxford\",\"description\":\"D\u00e9velopper les \u00e9changes entre Grenoble et Oxford\",\"publisher\":{\"@id\":\"https:\/\/grenoble-oxford.org\/#organization\"},\"potentialAction\":[{\"@type\":\"SearchAction\",\"target\":{\"@type\":\"EntryPoint\",\"urlTemplate\":\"https:\/\/grenoble-oxford.org\/?s={search_term_string}\"},\"query-input\":\"required name=search_term_string\"}],\"inLanguage\":\"fr-FR\"},{\"@type\":\"Organization\",\"@id\":\"https:\/\/grenoble-oxford.org\/#organization\",\"name\":\"Alliance Grenoble Oxford\",\"url\":\"https:\/\/grenoble-oxford.org\/\",\"logo\":{\"@type\":\"ImageObject\",\"inLanguage\":\"fr-FR\",\"@id\":\"https:\/\/grenoble-oxford.org\/#\/schema\/logo\/image\/\",\"url\":\"https:\/\/grenoble-oxford.org\/wp-content\/uploads\/2021\/02\/cropped-ago-logo-e1612359546845.gif\",\"contentUrl\":\"https:\/\/grenoble-oxford.org\/wp-content\/uploads\/2021\/02\/cropped-ago-logo-e1612359546845.gif\",\"width\":120,\"height\":120,\"caption\":\"Alliance Grenoble Oxford\"},\"image\":{\"@id\":\"https:\/\/grenoble-oxford.org\/#\/schema\/logo\/image\/\"}},{\"@type\":\"Person\",\"@id\":\"https:\/\/grenoble-oxford.org\/#\/schema\/person\/873c6f35f5ed4a47b944984193f08247\",\"name\":\"admin9205\",\"image\":{\"@type\":\"ImageObject\",\"inLanguage\":\"fr-FR\",\"@id\":\"https:\/\/grenoble-oxford.org\/#\/schema\/person\/image\/\",\"url\":\"https:\/\/secure.gravatar.com\/avatar\/68c49fe6e080dace4accfe087b9aed302aebf922ca08c2174f3f7a026cc112b4?s=96&d=mm&r=g\",\"contentUrl\":\"https:\/\/secure.gravatar.com\/avatar\/68c49fe6e080dace4accfe087b9aed302aebf922ca08c2174f3f7a026cc112b4?s=96&d=mm&r=g\",\"caption\":\"admin9205\"},\"sameAs\":[\"https:\/\/grenoble-oxford.org\",\"https:\/\/www.facebook.com\/Alliance-Grenoble-Oxford-101038482073695\"],\"url\":\"https:\/\/grenoble-oxford.org\/index.php\/author\/admin9205\/\"}]}<\/script>\n<!-- \/ Yoast SEO plugin. -->","yoast_head_json":{"title":"Journ\u00e9e Europ\u00e9enne des Langues. Caf\u00e9 linguistique en Anglais, le 19 Mai Inscription obligatoire, limit\u00e9e \u00e0 10 personnes. Envoyez votre demande \u00e0: europedirectiseresavoie@grenoble.fr - Alliance Grenoble Oxford","robots":{"index":"index","follow":"follow","max-snippet":"max-snippet:-1","max-image-preview":"max-image-preview:large","max-video-preview":"max-video-preview:-1"},"canonical":"https:\/\/grenoble-oxford.org\/index.php\/2021\/05\/11\/journee-europeenne-des-langues-cafes-linguistiques-2021\/","og_locale":"fr_FR","og_type":"article","og_title":"Journ\u00e9e Europ\u00e9enne des Langues. Caf\u00e9 linguistique en Anglais, le 19 Mai Inscription obligatoire, limit\u00e9e \u00e0 10 personnes. Envoyez votre demande \u00e0: europedirectiseresavoie@grenoble.fr - Alliance Grenoble Oxford","og_description":"Les caf\u00e9s linguistiques sont propos\u00e9s dans le cadre de la Journ\u00e9e Europ\u00e9enne des Langues pour permettre \u00e0 un nombre limit\u00e9","og_url":"https:\/\/grenoble-oxford.org\/index.php\/2021\/05\/11\/journee-europeenne-des-langues-cafes-linguistiques-2021\/","og_site_name":"Alliance Grenoble Oxford","article_author":"https:\/\/www.facebook.com\/Alliance-Grenoble-Oxford-101038482073695","article_published_time":"2021-05-11T18:26:32+00:00","article_modified_time":"2021-09-29T16:51:09+00:00","og_image":[{"width":512,"height":192,"url":"https:\/\/grenoble-oxford.org\/wp-content\/uploads\/2021\/05\/jnee-euro-langues.png","type":"image\/png"}],"author":"admin9205","twitter_card":"summary_large_image","twitter_misc":{"\u00c9crit par":"admin9205","Dur\u00e9e de lecture estim\u00e9e":"1 minute"},"schema":{"@context":"https:\/\/schema.org","@graph":[{"@type":"Article","@id":"https:\/\/grenoble-oxford.org\/index.php\/2021\/05\/11\/journee-europeenne-des-langues-cafes-linguistiques-2021\/#article","isPartOf":{"@id":"https:\/\/grenoble-oxford.org\/index.php\/2021\/05\/11\/journee-europeenne-des-langues-cafes-linguistiques-2021\/"},"author":{"name":"admin9205","@id":"https:\/\/grenoble-oxford.org\/#\/schema\/person\/873c6f35f5ed4a47b944984193f08247"},"headline":"Journ\u00e9e Europ\u00e9enne des Langues. Caf\u00e9 linguistique en Anglais, le 19 Mai Inscription obligatoire, limit\u00e9e \u00e0 10 personnes. Envoyez votre demande \u00e0: europedirectiseresavoie@grenoble.fr","datePublished":"2021-05-11T18:26:32+00:00","dateModified":"2021-09-29T16:51:09+00:00","mainEntityOfPage":{"@id":"https:\/\/grenoble-oxford.org\/index.php\/2021\/05\/11\/journee-europeenne-des-langues-cafes-linguistiques-2021\/"},"wordCount":277,"publisher":{"@id":"https:\/\/grenoble-oxford.org\/#organization"},"articleSection":["A la Une"],"inLanguage":"fr-FR"},{"@type":"WebPage","@id":"https:\/\/grenoble-oxford.org\/index.php\/2021\/05\/11\/journee-europeenne-des-langues-cafes-linguistiques-2021\/","url":"https:\/\/grenoble-oxford.org\/index.php\/2021\/05\/11\/journee-europeenne-des-langues-cafes-linguistiques-2021\/","name":"Journ\u00e9e Europ\u00e9enne des Langues. Caf\u00e9 linguistique en Anglais, le 19 Mai Inscription obligatoire, limit\u00e9e \u00e0 10 personnes. Envoyez votre demande \u00e0: europedirectiseresavoie@grenoble.fr - Alliance Grenoble Oxford","isPartOf":{"@id":"https:\/\/grenoble-oxford.org\/#website"},"datePublished":"2021-05-11T18:26:32+00:00","dateModified":"2021-09-29T16:51:09+00:00","breadcrumb":{"@id":"https:\/\/grenoble-oxford.org\/index.php\/2021\/05\/11\/journee-europeenne-des-langues-cafes-linguistiques-2021\/#breadcrumb"},"inLanguage":"fr-FR","potentialAction":[{"@type":"ReadAction","target":["https:\/\/grenoble-oxford.org\/index.php\/2021\/05\/11\/journee-europeenne-des-langues-cafes-linguistiques-2021\/"]}]},{"@type":"BreadcrumbList","@id":"https:\/\/grenoble-oxford.org\/index.php\/2021\/05\/11\/journee-europeenne-des-langues-cafes-linguistiques-2021\/#breadcrumb","itemListElement":[{"@type":"ListItem","position":1,"name":"Accueil","item":"https:\/\/grenoble-oxford.org\/"},{"@type":"ListItem","position":2,"name":"Journ\u00e9e Europ\u00e9enne des Langues. Caf\u00e9 linguistique en Anglais, le 19 Mai Inscription obligatoire, limit\u00e9e \u00e0 10 personnes. Envoyez votre demande \u00e0: europedirectiseresavoie@grenoble.fr"}]},{"@type":"WebSite","@id":"https:\/\/grenoble-oxford.org\/#website","url":"https:\/\/grenoble-oxford.org\/","name":"Alliance Grenoble Oxford","description":"D\u00e9velopper les \u00e9changes entre Grenoble et Oxford","publisher":{"@id":"https:\/\/grenoble-oxford.org\/#organization"},"potentialAction":[{"@type":"SearchAction","target":{"@type":"EntryPoint","urlTemplate":"https:\/\/grenoble-oxford.org\/?s={search_term_string}"},"query-input":"required name=search_term_string"}],"inLanguage":"fr-FR"},{"@type":"Organization","@id":"https:\/\/grenoble-oxford.org\/#organization","name":"Alliance Grenoble Oxford","url":"https:\/\/grenoble-oxford.org\/","logo":{"@type":"ImageObject","inLanguage":"fr-FR","@id":"https:\/\/grenoble-oxford.org\/#\/schema\/logo\/image\/","url":"https:\/\/grenoble-oxford.org\/wp-content\/uploads\/2021\/02\/cropped-ago-logo-e1612359546845.gif","contentUrl":"https:\/\/grenoble-oxford.org\/wp-content\/uploads\/2021\/02\/cropped-ago-logo-e1612359546845.gif","width":120,"height":120,"caption":"Alliance Grenoble Oxford"},"image":{"@id":"https:\/\/grenoble-oxford.org\/#\/schema\/logo\/image\/"}},{"@type":"Person","@id":"https:\/\/grenoble-oxford.org\/#\/schema\/person\/873c6f35f5ed4a47b944984193f08247","name":"admin9205","image":{"@type":"ImageObject","inLanguage":"fr-FR","@id":"https:\/\/grenoble-oxford.org\/#\/schema\/person\/image\/","url":"https:\/\/secure.gravatar.com\/avatar\/68c49fe6e080dace4accfe087b9aed302aebf922ca08c2174f3f7a026cc112b4?s=96&d=mm&r=g","contentUrl":"https:\/\/secure.gravatar.com\/avatar\/68c49fe6e080dace4accfe087b9aed302aebf922ca08c2174f3f7a026cc112b4?s=96&d=mm&r=g","caption":"admin9205"},"sameAs":["https:\/\/grenoble-oxford.org","https:\/\/www.facebook.com\/Alliance-Grenoble-Oxford-101038482073695"],"url":"https:\/\/grenoble-oxford.org\/index.php\/author\/admin9205\/"}]}},"_links":{"self":[{"href":"https:\/\/grenoble-oxford.org\/index.php\/wp-json\/wp\/v2\/posts\/688","targetHints":{"allow":["GET"]}}],"collection":[{"href":"https:\/\/grenoble-oxford.org\/index.php\/wp-json\/wp\/v2\/posts"}],"about":[{"href":"https:\/\/grenoble-oxford.org\/index.php\/wp-json\/wp\/v2\/types\/post"}],"author":[{"embeddable":true,"href":"https:\/\/grenoble-oxford.org\/index.php\/wp-json\/wp\/v2\/users\/1"}],"replies":[{"embeddable":true,"href":"https:\/\/grenoble-oxford.org\/index.php\/wp-json\/wp\/v2\/comments?post=688"}],"version-history":[{"count":2,"href":"https:\/\/grenoble-oxford.org\/index.php\/wp-json\/wp\/v2\/posts\/688\/revisions"}],"predecessor-version":[{"id":713,"href":"https:\/\/grenoble-oxford.org\/index.php\/wp-json\/wp\/v2\/posts\/688\/revisions\/713"}],"wp:featuredmedia":[{"embeddable":true,"href":"https:\/\/grenoble-oxford.org\/index.php\/wp-json\/wp\/v2\/media\/687"}],"wp:attachment":[{"href":"https:\/\/grenoble-oxford.org\/index.php\/wp-json\/wp\/v2\/media?parent=688"}],"wp:term":[{"taxonomy":"category","embeddable":true,"href":"https:\/\/grenoble-oxford.org\/index.php\/wp-json\/wp\/v2\/categories?post=688"},{"taxonomy":"post_tag","embeddable":true,"href":"https:\/\/grenoble-oxford.org\/index.php\/wp-json\/wp\/v2\/tags?post=688"}],"curies":[{"name":"wp","href":"https:\/\/api.w.org\/{rel}","templated":true}]}}