{"id":2886,"date":"2026-09-02T19:20:41","date_gmt":"2026-09-02T17:20:41","guid":{"rendered":"https:\/\/grenoble-oxford.org\/?p=2886"},"modified":"2026-09-02T19:20:41","modified_gmt":"2026-09-02T17:20:41","slug":"le-5-septembre-lalliance-grenoble-oxford-au-forum-des-associations","status":"publish","type":"post","link":"https:\/\/grenoble-oxford.org\/index.php\/2026\/09\/02\/le-5-septembre-lalliance-grenoble-oxford-au-forum-des-associations\/","title":{"rendered":"Le 5 septembre, l&#8217;Alliance Grenoble Oxford au Forum des Associations !"},"content":{"rendered":"\n<p>Comme chaque ann\u00e9e, notre association sera pr\u00e9sente au <a href=\"https:\/\/www.grenoble.fr\/500-forum-des-assos-et-des-sports.htm\">Forum des Associations de la Ville de Grenoble<\/a>. <strong>Celui-ci se tiendra samedi 5 septembre de 10h \u00e0 17h au Palais des Sports.<\/strong><\/p>\n\n\n\n<p>N&#8217;h\u00e9sitez pas \u00e0 venir nous rencontrer sur le stand, pour \u00e9changer sur nos activit\u00e9s \u00e0 venir et si vous le souhaitez, remplir votre adh\u00e9sion 2026-2027 !<\/p>\n\n\n\n<p>Vous pourrez \u00e9galement vous renseigner sur la relance des duos linguistiques entre Grenoblois et Oxfordiens :<\/p>\n\n\n\n<div class=\"wp-block-embedpress-embedpress-pdf aligncenter\"><div id=\"ep-gutenberg-content-d41d8cd98f00b204e9800998ecf8427e\" class=\"ep-gutenberg-content\"><div class=\"embedpress-document-embed ep-doc-embedpress-pdf-1788369594476   ep-fixed-width\" style=\"width:600px;height:600px;max-width:100%\" id=\"ep-doc-undefined\" data-source-id=\"source-undefined\" data-embed-type=\"PDF\" data-ep-views=\"off\" data-ep-downloads=\"off\"><div class=\"ep-embed-content-wraper\"><div class=\"position-right-wraper gutenberg-pdf-wraper\"><div class=\"main-content-wraper\"><iframe title=\"Flyer AGO 2026\" powered_by=\"1\" style=\"height:600px;width:600px;max-width:100%\" class=\"embedpress-embed-document-pdf embedpress-pdf-1788369594476\" data-emid=\"embedpress-pdf-1788369594476\" data-viewer-style=\"modern\" src=\"https:\/\/grenoble-oxford.org\/wp-content\/plugins\/embedpress\/assets\/pdf\/web\/viewer.html?&amp;scrolling=-1&amp;selection_tool=0&amp;spreads=0&amp;file=https%3A%2F%2Fgrenoble-oxford.org%2Fwp-content%2Fuploads%2F2026%2F09%2FFlyer-AGO-2026.pdf#key=dGhlbWVNb2RlPWRlZmF1bHQmcHJlc2VudGF0aW9uPXRydWUmbGF6eUxvYWQ9ZmFsc2UmcG9zaXRpb249dG9wJmZsaXBib29rX3Rvb2xiYXJfcG9zaXRpb249Ym90dG9tJmRvd25sb2FkPXRydWUmdG9vbGJhcj10cnVlJmNvcHlfdGV4dD10cnVlJmFkZF90ZXh0PXRydWUmZHJhdz1mYWxzZSZkb2NfZGV0YWlscz10cnVlJmRvY19yb3RhdGlvbj10cnVlJmFkZF9pbWFnZT10cnVlJnpvb21faW49dHJ1ZSZ6b29tX291dD10cnVlJmZpdF92aWV3PXRydWUmYm9va21hcms9dHJ1ZSZzZWxlY3Rpb25fdG9vbD0wJnNjcm9sbGluZz0tMSZzcHJlYWRzPTAmcGFnZU51bWJlcj0xJndhdGVybWFya190ZXh0PSZ3YXRlcm1hcmtfZm9udF9zaXplPTQ4JndhdGVybWFya19jb2xvcj0lMjMwMDAwMDAmd2F0ZXJtYXJrX29wYWNpdHk9MTUmd2F0ZXJtYXJrX3N0eWxlPWNlbnRlcg==\"><\/iframe><\/div><p class=\"embedpress-el-powered\">Powered By EmbedPress<\/p><\/div><\/div><\/div><\/div><\/div>\n\n\n\n<p><\/p>\n","protected":false},"excerpt":{"rendered":"<p>Comme chaque ann\u00e9e, notre association sera pr\u00e9sente au Forum des Associations de la Ville de Grenoble. Celui-ci se tiendra samedi<\/p>\n","protected":false},"author":1,"featured_media":2887,"comment_status":"open","ping_status":"open","sticky":false,"template":"","format":"standard","meta":{"footnotes":""},"categories":[3,5],"tags":[],"class_list":["post-2886","post","type-post","status-publish","format-standard","has-post-thumbnail","hentry","category-a-la-une","category-actualites-classiques"],"yoast_head":"<!-- This site is optimized with the Yoast SEO plugin v21.9.1 - https:\/\/yoast.com\/wordpress\/plugins\/seo\/ -->\n<title>Le 5 septembre, l&#039;Alliance Grenoble Oxford au Forum des Associations ! - Alliance Grenoble Oxford<\/title>\n<meta name=\"robots\" content=\"index, follow, max-snippet:-1, max-image-preview:large, max-video-preview:-1\" \/>\n<link rel=\"canonical\" href=\"https:\/\/grenoble-oxford.org\/index.php\/2026\/09\/02\/le-5-septembre-lalliance-grenoble-oxford-au-forum-des-associations\/\" \/>\n<meta property=\"og:locale\" content=\"fr_FR\" \/>\n<meta property=\"og:type\" content=\"article\" \/>\n<meta property=\"og:title\" content=\"Le 5 septembre, l&#039;Alliance Grenoble Oxford au Forum des Associations ! - Alliance Grenoble Oxford\" \/>\n<meta property=\"og:description\" content=\"Comme chaque ann\u00e9e, notre association sera pr\u00e9sente au Forum des Associations de la Ville de Grenoble. Celui-ci se tiendra samedi\" \/>\n<meta property=\"og:url\" content=\"https:\/\/grenoble-oxford.org\/index.php\/2026\/09\/02\/le-5-septembre-lalliance-grenoble-oxford-au-forum-des-associations\/\" \/>\n<meta property=\"og:site_name\" content=\"Alliance Grenoble Oxford\" \/>\n<meta property=\"article:author\" content=\"https:\/\/www.facebook.com\/Alliance-Grenoble-Oxford-101038482073695\" \/>\n<meta property=\"article:published_time\" content=\"2026-09-02T17:20:41+00:00\" \/>\n<meta property=\"og:image\" content=\"https:\/\/grenoble-oxford.org\/wp-content\/uploads\/2026\/09\/Capture-decran-2026-09-02-191556.png\" \/>\n\t<meta property=\"og:image:width\" content=\"861\" \/>\n\t<meta property=\"og:image:height\" content=\"567\" \/>\n\t<meta property=\"og:image:type\" content=\"image\/png\" \/>\n<meta name=\"author\" content=\"admin9205\" \/>\n<meta name=\"twitter:card\" content=\"summary_large_image\" \/>\n<meta name=\"twitter:label1\" content=\"\u00c9crit par\" \/>\n\t<meta name=\"twitter:data1\" content=\"admin9205\" \/>\n\t<meta name=\"twitter:label2\" content=\"Dur\u00e9e de lecture estim\u00e9e\" \/>\n\t<meta name=\"twitter:data2\" content=\"1 minute\" \/>\n<script type=\"application\/ld+json\" class=\"yoast-schema-graph\">{\"@context\":\"https:\/\/schema.org\",\"@graph\":[{\"@type\":\"Article\",\"@id\":\"https:\/\/grenoble-oxford.org\/index.php\/2026\/09\/02\/le-5-septembre-lalliance-grenoble-oxford-au-forum-des-associations\/#article\",\"isPartOf\":{\"@id\":\"https:\/\/grenoble-oxford.org\/index.php\/2026\/09\/02\/le-5-septembre-lalliance-grenoble-oxford-au-forum-des-associations\/\"},\"author\":{\"name\":\"admin9205\",\"@id\":\"https:\/\/grenoble-oxford.org\/#\/schema\/person\/873c6f35f5ed4a47b944984193f08247\"},\"headline\":\"Le 5 septembre, l&#8217;Alliance Grenoble Oxford au Forum des Associations !\",\"datePublished\":\"2026-09-02T17:20:41+00:00\",\"dateModified\":\"2026-09-02T17:20:41+00:00\",\"mainEntityOfPage\":{\"@id\":\"https:\/\/grenoble-oxford.org\/index.php\/2026\/09\/02\/le-5-septembre-lalliance-grenoble-oxford-au-forum-des-associations\/\"},\"wordCount\":83,\"commentCount\":0,\"publisher\":{\"@id\":\"https:\/\/grenoble-oxford.org\/#organization\"},\"articleSection\":[\"A la Une\",\"Actualit\u00e9s classiques\"],\"inLanguage\":\"fr-FR\",\"potentialAction\":[{\"@type\":\"CommentAction\",\"name\":\"Comment\",\"target\":[\"https:\/\/grenoble-oxford.org\/index.php\/2026\/09\/02\/le-5-septembre-lalliance-grenoble-oxford-au-forum-des-associations\/#respond\"]}]},{\"@type\":\"WebPage\",\"@id\":\"https:\/\/grenoble-oxford.org\/index.php\/2026\/09\/02\/le-5-septembre-lalliance-grenoble-oxford-au-forum-des-associations\/\",\"url\":\"https:\/\/grenoble-oxford.org\/index.php\/2026\/09\/02\/le-5-septembre-lalliance-grenoble-oxford-au-forum-des-associations\/\",\"name\":\"Le 5 septembre, l'Alliance Grenoble Oxford au Forum des Associations ! - Alliance Grenoble Oxford\",\"isPartOf\":{\"@id\":\"https:\/\/grenoble-oxford.org\/#website\"},\"datePublished\":\"2026-09-02T17:20:41+00:00\",\"dateModified\":\"2026-09-02T17:20:41+00:00\",\"breadcrumb\":{\"@id\":\"https:\/\/grenoble-oxford.org\/index.php\/2026\/09\/02\/le-5-septembre-lalliance-grenoble-oxford-au-forum-des-associations\/#breadcrumb\"},\"inLanguage\":\"fr-FR\",\"potentialAction\":[{\"@type\":\"ReadAction\",\"target\":[\"https:\/\/grenoble-oxford.org\/index.php\/2026\/09\/02\/le-5-septembre-lalliance-grenoble-oxford-au-forum-des-associations\/\"]}]},{\"@type\":\"BreadcrumbList\",\"@id\":\"https:\/\/grenoble-oxford.org\/index.php\/2026\/09\/02\/le-5-septembre-lalliance-grenoble-oxford-au-forum-des-associations\/#breadcrumb\",\"itemListElement\":[{\"@type\":\"ListItem\",\"position\":1,\"name\":\"Accueil\",\"item\":\"https:\/\/grenoble-oxford.org\/\"},{\"@type\":\"ListItem\",\"position\":2,\"name\":\"Le 5 septembre, l&#8217;Alliance Grenoble Oxford au Forum des Associations !\"}]},{\"@type\":\"WebSite\",\"@id\":\"https:\/\/grenoble-oxford.org\/#website\",\"url\":\"https:\/\/grenoble-oxford.org\/\",\"name\":\"Alliance Grenoble Oxford\",\"description\":\"D\u00e9velopper les \u00e9changes entre Grenoble et Oxford\",\"publisher\":{\"@id\":\"https:\/\/grenoble-oxford.org\/#organization\"},\"potentialAction\":[{\"@type\":\"SearchAction\",\"target\":{\"@type\":\"EntryPoint\",\"urlTemplate\":\"https:\/\/grenoble-oxford.org\/?s={search_term_string}\"},\"query-input\":\"required name=search_term_string\"}],\"inLanguage\":\"fr-FR\"},{\"@type\":\"Organization\",\"@id\":\"https:\/\/grenoble-oxford.org\/#organization\",\"name\":\"Alliance Grenoble Oxford\",\"url\":\"https:\/\/grenoble-oxford.org\/\",\"logo\":{\"@type\":\"ImageObject\",\"inLanguage\":\"fr-FR\",\"@id\":\"https:\/\/grenoble-oxford.org\/#\/schema\/logo\/image\/\",\"url\":\"https:\/\/grenoble-oxford.org\/wp-content\/uploads\/2021\/02\/cropped-ago-logo-e1612359546845.gif\",\"contentUrl\":\"https:\/\/grenoble-oxford.org\/wp-content\/uploads\/2021\/02\/cropped-ago-logo-e1612359546845.gif\",\"width\":120,\"height\":120,\"caption\":\"Alliance Grenoble Oxford\"},\"image\":{\"@id\":\"https:\/\/grenoble-oxford.org\/#\/schema\/logo\/image\/\"}},{\"@type\":\"Person\",\"@id\":\"https:\/\/grenoble-oxford.org\/#\/schema\/person\/873c6f35f5ed4a47b944984193f08247\",\"name\":\"admin9205\",\"image\":{\"@type\":\"ImageObject\",\"inLanguage\":\"fr-FR\",\"@id\":\"https:\/\/grenoble-oxford.org\/#\/schema\/person\/image\/\",\"url\":\"https:\/\/secure.gravatar.com\/avatar\/68c49fe6e080dace4accfe087b9aed302aebf922ca08c2174f3f7a026cc112b4?s=96&d=mm&r=g\",\"contentUrl\":\"https:\/\/secure.gravatar.com\/avatar\/68c49fe6e080dace4accfe087b9aed302aebf922ca08c2174f3f7a026cc112b4?s=96&d=mm&r=g\",\"caption\":\"admin9205\"},\"sameAs\":[\"https:\/\/grenoble-oxford.org\",\"https:\/\/www.facebook.com\/Alliance-Grenoble-Oxford-101038482073695\"],\"url\":\"https:\/\/grenoble-oxford.org\/index.php\/author\/admin9205\/\"}]}<\/script>\n<!-- \/ Yoast SEO plugin. -->","yoast_head_json":{"title":"Le 5 septembre, l'Alliance Grenoble Oxford au Forum des Associations ! - Alliance Grenoble Oxford","robots":{"index":"index","follow":"follow","max-snippet":"max-snippet:-1","max-image-preview":"max-image-preview:large","max-video-preview":"max-video-preview:-1"},"canonical":"https:\/\/grenoble-oxford.org\/index.php\/2026\/09\/02\/le-5-septembre-lalliance-grenoble-oxford-au-forum-des-associations\/","og_locale":"fr_FR","og_type":"article","og_title":"Le 5 septembre, l'Alliance Grenoble Oxford au Forum des Associations ! - Alliance Grenoble Oxford","og_description":"Comme chaque ann\u00e9e, notre association sera pr\u00e9sente au Forum des Associations de la Ville de Grenoble. Celui-ci se tiendra samedi","og_url":"https:\/\/grenoble-oxford.org\/index.php\/2026\/09\/02\/le-5-septembre-lalliance-grenoble-oxford-au-forum-des-associations\/","og_site_name":"Alliance Grenoble Oxford","article_author":"https:\/\/www.facebook.com\/Alliance-Grenoble-Oxford-101038482073695","article_published_time":"2026-09-02T17:20:41+00:00","og_image":[{"width":861,"height":567,"url":"https:\/\/grenoble-oxford.org\/wp-content\/uploads\/2026\/09\/Capture-decran-2026-09-02-191556.png","type":"image\/png"}],"author":"admin9205","twitter_card":"summary_large_image","twitter_misc":{"\u00c9crit par":"admin9205","Dur\u00e9e de lecture estim\u00e9e":"1 minute"},"schema":{"@context":"https:\/\/schema.org","@graph":[{"@type":"Article","@id":"https:\/\/grenoble-oxford.org\/index.php\/2026\/09\/02\/le-5-septembre-lalliance-grenoble-oxford-au-forum-des-associations\/#article","isPartOf":{"@id":"https:\/\/grenoble-oxford.org\/index.php\/2026\/09\/02\/le-5-septembre-lalliance-grenoble-oxford-au-forum-des-associations\/"},"author":{"name":"admin9205","@id":"https:\/\/grenoble-oxford.org\/#\/schema\/person\/873c6f35f5ed4a47b944984193f08247"},"headline":"Le 5 septembre, l&#8217;Alliance Grenoble Oxford au Forum des Associations !","datePublished":"2026-09-02T17:20:41+00:00","dateModified":"2026-09-02T17:20:41+00:00","mainEntityOfPage":{"@id":"https:\/\/grenoble-oxford.org\/index.php\/2026\/09\/02\/le-5-septembre-lalliance-grenoble-oxford-au-forum-des-associations\/"},"wordCount":83,"commentCount":0,"publisher":{"@id":"https:\/\/grenoble-oxford.org\/#organization"},"articleSection":["A la Une","Actualit\u00e9s classiques"],"inLanguage":"fr-FR","potentialAction":[{"@type":"CommentAction","name":"Comment","target":["https:\/\/grenoble-oxford.org\/index.php\/2026\/09\/02\/le-5-septembre-lalliance-grenoble-oxford-au-forum-des-associations\/#respond"]}]},{"@type":"WebPage","@id":"https:\/\/grenoble-oxford.org\/index.php\/2026\/09\/02\/le-5-septembre-lalliance-grenoble-oxford-au-forum-des-associations\/","url":"https:\/\/grenoble-oxford.org\/index.php\/2026\/09\/02\/le-5-septembre-lalliance-grenoble-oxford-au-forum-des-associations\/","name":"Le 5 septembre, l'Alliance Grenoble Oxford au Forum des Associations ! - Alliance Grenoble Oxford","isPartOf":{"@id":"https:\/\/grenoble-oxford.org\/#website"},"datePublished":"2026-09-02T17:20:41+00:00","dateModified":"2026-09-02T17:20:41+00:00","breadcrumb":{"@id":"https:\/\/grenoble-oxford.org\/index.php\/2026\/09\/02\/le-5-septembre-lalliance-grenoble-oxford-au-forum-des-associations\/#breadcrumb"},"inLanguage":"fr-FR","potentialAction":[{"@type":"ReadAction","target":["https:\/\/grenoble-oxford.org\/index.php\/2026\/09\/02\/le-5-septembre-lalliance-grenoble-oxford-au-forum-des-associations\/"]}]},{"@type":"BreadcrumbList","@id":"https:\/\/grenoble-oxford.org\/index.php\/2026\/09\/02\/le-5-septembre-lalliance-grenoble-oxford-au-forum-des-associations\/#breadcrumb","itemListElement":[{"@type":"ListItem","position":1,"name":"Accueil","item":"https:\/\/grenoble-oxford.org\/"},{"@type":"ListItem","position":2,"name":"Le 5 septembre, l&#8217;Alliance Grenoble Oxford au Forum des Associations !"}]},{"@type":"WebSite","@id":"https:\/\/grenoble-oxford.org\/#website","url":"https:\/\/grenoble-oxford.org\/","name":"Alliance Grenoble Oxford","description":"D\u00e9velopper les \u00e9changes entre Grenoble et Oxford","publisher":{"@id":"https:\/\/grenoble-oxford.org\/#organization"},"potentialAction":[{"@type":"SearchAction","target":{"@type":"EntryPoint","urlTemplate":"https:\/\/grenoble-oxford.org\/?s={search_term_string}"},"query-input":"required name=search_term_string"}],"inLanguage":"fr-FR"},{"@type":"Organization","@id":"https:\/\/grenoble-oxford.org\/#organization","name":"Alliance Grenoble Oxford","url":"https:\/\/grenoble-oxford.org\/","logo":{"@type":"ImageObject","inLanguage":"fr-FR","@id":"https:\/\/grenoble-oxford.org\/#\/schema\/logo\/image\/","url":"https:\/\/grenoble-oxford.org\/wp-content\/uploads\/2021\/02\/cropped-ago-logo-e1612359546845.gif","contentUrl":"https:\/\/grenoble-oxford.org\/wp-content\/uploads\/2021\/02\/cropped-ago-logo-e1612359546845.gif","width":120,"height":120,"caption":"Alliance Grenoble Oxford"},"image":{"@id":"https:\/\/grenoble-oxford.org\/#\/schema\/logo\/image\/"}},{"@type":"Person","@id":"https:\/\/grenoble-oxford.org\/#\/schema\/person\/873c6f35f5ed4a47b944984193f08247","name":"admin9205","image":{"@type":"ImageObject","inLanguage":"fr-FR","@id":"https:\/\/grenoble-oxford.org\/#\/schema\/person\/image\/","url":"https:\/\/secure.gravatar.com\/avatar\/68c49fe6e080dace4accfe087b9aed302aebf922ca08c2174f3f7a026cc112b4?s=96&d=mm&r=g","contentUrl":"https:\/\/secure.gravatar.com\/avatar\/68c49fe6e080dace4accfe087b9aed302aebf922ca08c2174f3f7a026cc112b4?s=96&d=mm&r=g","caption":"admin9205"},"sameAs":["https:\/\/grenoble-oxford.org","https:\/\/www.facebook.com\/Alliance-Grenoble-Oxford-101038482073695"],"url":"https:\/\/grenoble-oxford.org\/index.php\/author\/admin9205\/"}]}},"_links":{"self":[{"href":"https:\/\/grenoble-oxford.org\/index.php\/wp-json\/wp\/v2\/posts\/2886","targetHints":{"allow":["GET"]}}],"collection":[{"href":"https:\/\/grenoble-oxford.org\/index.php\/wp-json\/wp\/v2\/posts"}],"about":[{"href":"https:\/\/grenoble-oxford.org\/index.php\/wp-json\/wp\/v2\/types\/post"}],"author":[{"embeddable":true,"href":"https:\/\/grenoble-oxford.org\/index.php\/wp-json\/wp\/v2\/users\/1"}],"replies":[{"embeddable":true,"href":"https:\/\/grenoble-oxford.org\/index.php\/wp-json\/wp\/v2\/comments?post=2886"}],"version-history":[{"count":1,"href":"https:\/\/grenoble-oxford.org\/index.php\/wp-json\/wp\/v2\/posts\/2886\/revisions"}],"predecessor-version":[{"id":2889,"href":"https:\/\/grenoble-oxford.org\/index.php\/wp-json\/wp\/v2\/posts\/2886\/revisions\/2889"}],"wp:featuredmedia":[{"embeddable":true,"href":"https:\/\/grenoble-oxford.org\/index.php\/wp-json\/wp\/v2\/media\/2887"}],"wp:attachment":[{"href":"https:\/\/grenoble-oxford.org\/index.php\/wp-json\/wp\/v2\/media?parent=2886"}],"wp:term":[{"taxonomy":"category","embeddable":true,"href":"https:\/\/grenoble-oxford.org\/index.php\/wp-json\/wp\/v2\/categories?post=2886"},{"taxonomy":"post_tag","embeddable":true,"href":"https:\/\/grenoble-oxford.org\/index.php\/wp-json\/wp\/v2\/tags?post=2886"}],"curies":[{"name":"wp","href":"https:\/\/api.w.org\/{rel}","templated":true}]}}